{"id":3293,"date":"2021-07-05T17:42:47","date_gmt":"2021-07-05T20:42:47","guid":{"rendered":"https:\/\/www.petrini.com.ar\/?p=3293"},"modified":"2021-07-05T17:42:47","modified_gmt":"2021-07-05T20:42:47","slug":"comentarios-de-la-mesa-2021-07-05","status":"publish","type":"post","link":"https:\/\/www.petrini.com.ar\/en\/comentarios-de-la-mesa-2021-07-05\/","title":{"rendered":"Daily Market Recap"},"content":{"rendered":"<h4>Arranc\u00f3 la semana con el mercado cerrado en USA por el D\u00eda de la Independencia, por lo que es un d\u00eda de poca liquidez en todo el mundo. El petr\u00f3leo y metales cerraron al alza, commodities agr\u00edcolas mixtos.<\/h4>\n<h4>Localmente, poco para decir. El volumen se concentr\u00f3, como de costumbre, en TX21 y TC21. TX23 y TX24 estuvieron demandados con mayores subas en paridades. Provinciales y corporativos hubo poco movimiento, con algunos inversores mirando las curvas corporativas DL. El equity local estuvo demandado, con mayores vol\u00famenes en Galicia y Comercial del Plata. COME cerr\u00f3 con una suba de 10%, continuando un rally que arranc\u00f3 a mediados de junio, habiendo subido ya m\u00e1s de 50% desde entonces.<\/h4>\n<p>&nbsp;<\/p>\n<h4><\/h4>\n<p><img loading=\"lazy\" decoding=\"async\" src=\"http:\/\/www.petrini.com.ar\/wp-content\/uploads\/2021\/06\/Firma-1-1-1-1.png\" alt=\"\" width=\"793\" height=\"204\" \/><\/p>","protected":false},"excerpt":{"rendered":"<p>Arranc\u00f3 la semana con el mercado cerrado en USA por el D\u00eda de la Independencia, por lo que es un d\u00eda de poca liquidez en todo el mundo. El petr\u00f3leo y metales cerraron al alza, commodities agr\u00edcolas mixtos. Localmente, poco para decir. El volumen se concentr\u00f3, como de costumbre, en TX21 y TC21. TX23 y [&hellip;]<\/p>\n","protected":false},"author":6,"featured_media":2910,"comment_status":"closed","ping_status":"closed","sticky":false,"template":"","format":"standard","meta":{"footnotes":""},"categories":[106],"tags":[],"class_list":["post-3293","post","type-post","status-publish","format-standard","has-post-thumbnail","hentry","category-comentarios-de-la-mesa"],"_links":{"self":[{"href":"https:\/\/www.petrini.com.ar\/en\/wp-json\/wp\/v2\/posts\/3293","targetHints":{"allow":["GET"]}}],"collection":[{"href":"https:\/\/www.petrini.com.ar\/en\/wp-json\/wp\/v2\/posts"}],"about":[{"href":"https:\/\/www.petrini.com.ar\/en\/wp-json\/wp\/v2\/types\/post"}],"author":[{"embeddable":true,"href":"https:\/\/www.petrini.com.ar\/en\/wp-json\/wp\/v2\/users\/6"}],"replies":[{"embeddable":true,"href":"https:\/\/www.petrini.com.ar\/en\/wp-json\/wp\/v2\/comments?post=3293"}],"version-history":[{"count":0,"href":"https:\/\/www.petrini.com.ar\/en\/wp-json\/wp\/v2\/posts\/3293\/revisions"}],"wp:featuredmedia":[{"embeddable":true,"href":"https:\/\/www.petrini.com.ar\/en\/wp-json\/wp\/v2\/media\/2910"}],"wp:attachment":[{"href":"https:\/\/www.petrini.com.ar\/en\/wp-json\/wp\/v2\/media?parent=3293"}],"wp:term":[{"taxonomy":"category","embeddable":true,"href":"https:\/\/www.petrini.com.ar\/en\/wp-json\/wp\/v2\/categories?post=3293"},{"taxonomy":"post_tag","embeddable":true,"href":"https:\/\/www.petrini.com.ar\/en\/wp-json\/wp\/v2\/tags?post=3293"}],"curies":[{"name":"wp","href":"https:\/\/api.w.org\/{rel}","templated":true}]}}