{"id":26173,"date":"2025-03-31T17:18:03","date_gmt":"2025-03-31T20:18:03","guid":{"rendered":"https:\/\/www.petrini.com.ar\/?p=26173"},"modified":"2025-03-31T17:18:03","modified_gmt":"2025-03-31T20:18:03","slug":"claves-de-la-semana-15","status":"publish","type":"post","link":"https:\/\/www.petrini.com.ar\/en\/claves-de-la-semana-15\/","title":{"rendered":"Claves de la semana"},"content":{"rendered":"<p>Se viene la primera semana de abril (del 31\/3 al 3\/4), semana con datos importantes de mercado laboral estadounidense e inflaci\u00f3n preliminar de la zona euro correspondientes a marzo. Estados Unidos volvi\u00f3 a tener una semana negativa, el S&amp;P 500 cay\u00f3 un 1,53% y el Nasdaq un 2,39%; luego de haber logrado cortar la racha de ca\u00eddas la semana anterior.<\/p>\n<p>Esto es lo que hay que saber para arrancar la semana.<\/p>\n<p><strong>1. Mercado laboral en EEUU<\/strong><\/p>\n<p>El viernes 3 de abril, el Bureau of Labor Statistics publicar\u00e1 los principales datos del mercado laboral estadounidense correspondientes a marzo. Entre los datos que se publican se encuentran las n\u00f3minas no agr\u00edcolas, la tasa de desempleo y la tasa de participaci\u00f3n siendo esos tres los m\u00e1s relevantes.<\/p>\n<p>En febrero, las n\u00f3minas no agr\u00edcolas (principal indicador de la creaci\u00f3n de empleo) ascendieron a 151.000, por encima de los 125.000 del dato revisado de enero. A su vez la tasa de desempleo aument\u00f3 a un 4,1% frente al 4% de enero y la tasa de participaci\u00f3n (que refleja la conducta de la oferta de trabajo) disminuy\u00f3 del 62.6% al 62.4%. Para marzo las estimaciones reflejan una desaceleraci\u00f3n en las n\u00f3minas no agr\u00edcolas a 139.000, y que se mantenga estable la tasa de desempleo en el 4,1%. Estados Unidos viene de mantener las tasas en su nivel actual, actuando cauto frente a la incertidumbre que genera la pol\u00edtica comercial de Trump y el uso de los aranceles como arma de negociaci\u00f3n; que generan riesgos de recesi\u00f3n econ\u00f3mica y presiones inflacionarias en el corto plazo. El nuevo dot plot indica que el votante mediano del FOMC (es decir, tomando la mediana de las perspectivas de tasas de los funcionarios) prev\u00e9 un recorte de 50 puntos b\u00e1sicos de la tasa, en l\u00ednea con las expectativas del mercado de futuros de fed funds.<\/p>\n<p><strong>2. Aranceles rec\u00edprocos de Estados Unidos<\/strong><\/p>\n<p>El mi\u00e9rcoles 1 de abril, entra en vigencia el programa de aranceles rec\u00edprocos que planea llevar a cabo Donald Trump, que b\u00e1sicamente implica arancelar las importaciones que provengan de aquellos pa\u00edses que tengan tasas sobre las importaciones estadounidenses. En Estados Unidos se habla de que el mi\u00e9rcoles 1 de abril ser\u00e1 el \u201cLiberation Day\u201d, dado que esperar\u00eda que los pa\u00edses que se vieran afectados por este programa, eliminar\u00edan las restricciones para evitarlo, flexibilizando las importaciones. El problema principal es que no solo los aranceles que los pa\u00edses tengan sobre los productos estadounidenses ser\u00e1n afectados, sino los que tengan medidas para-arancelarias u otros impuestos sobre estos productos, pr\u00e1cticas que varios pa\u00edses llevan a cabo para proteger su econom\u00eda.<\/p>\n<p>Ante los rumores de que en realidad esta medida iba a aplicarse sobre un peque\u00f1o grupo de pa\u00edses con los que Estados Unidos tiene un d\u00e9ficit comercial superior, Trump declar\u00f3 que la medida est\u00e1 pensada para todos los pa\u00edses. De la mano de estos aranceles, est\u00e1 sobre la mesa la posibilidad de un paquete de medidas proteccionistas agresivas. No necesariamente entrar\u00e1n todas en vigencia en abril, pero se podr\u00edan dar a conocer las medidas comerciales que tiene en mente el mandatario. Adem\u00e1s, este mes comienzan los aranceles sobre las importaciones de autom\u00f3viles y autopartes, y se especula con que las medidas arancelarias llegar\u00edan tambi\u00e9n a la industria farmac\u00e9utica. La semana pasada esto afect\u00f3 fuertemente a los mercados, no solo por los aranceles rec\u00edprocos sino tambi\u00e9n por las dem\u00e1s medidas que mencionamos en este apartado.<\/p>\n<p><strong>3. Argentina: Acuerdo con el FMI<\/strong><\/p>\n<p>Esta semana ser\u00e1 clave para seguir de cerca las negociaciones entre Argentina y el FMI, especialmente en torno al monto y porcentaje del primer desembolso. El gobierno busca recibir un adelanto significativo, posiblemente superior al 50% de los USD 20.000 millones del acuerdo, aunque el FMI ha se\u00f1alado que los desembolsos se har\u00e1n en tramos sujetos a metas.<\/p>\n<p>Otro punto central es el impacto en las reservas y el financiamiento neto. Si bien el programa es por USD 20.000 millones, despu\u00e9s de cancelar amortizaciones del acuerdo anterior, el financiamiento real ser\u00e1 de solo USD 6.000 millones. Ser\u00e1 importante observar c\u00f3mo se comunican estos n\u00fameros y si los desembolsos del FMI y otros organismos efectivamente elevan las reservas brutas desde los USD 26.000 millones actuales hasta los USD 50.000 millones proyectados.<\/p>\n<p>Por \u00faltimo, las negociaciones deben avanzar antes de las reuniones de primavera del FMI el 21 y 22 de abril. Esta semana podr\u00edan surgir novedades sobre el calendario de desembolsos y las condiciones del acuerdo.<\/p>","protected":false},"excerpt":{"rendered":"<p>Se viene la primera semana de abril (del 31\/3 al 3\/4), semana con datos importantes de mercado laboral estadounidense e inflaci\u00f3n preliminar de la zona euro correspondientes a marzo. Estados Unidos volvi\u00f3 a tener una semana negativa, el S&amp;P 500 cay\u00f3 un 1,53% y el Nasdaq un 2,39%; luego de haber logrado cortar la racha [&hellip;]<\/p>\n","protected":false},"author":9,"featured_media":3994,"comment_status":"closed","ping_status":"closed","sticky":false,"template":"","format":"standard","meta":{"footnotes":""},"categories":[100],"tags":[],"class_list":["post-26173","post","type-post","status-publish","format-standard","has-post-thumbnail","hentry","category-mercados"],"_links":{"self":[{"href":"https:\/\/www.petrini.com.ar\/en\/wp-json\/wp\/v2\/posts\/26173","targetHints":{"allow":["GET"]}}],"collection":[{"href":"https:\/\/www.petrini.com.ar\/en\/wp-json\/wp\/v2\/posts"}],"about":[{"href":"https:\/\/www.petrini.com.ar\/en\/wp-json\/wp\/v2\/types\/post"}],"author":[{"embeddable":true,"href":"https:\/\/www.petrini.com.ar\/en\/wp-json\/wp\/v2\/users\/9"}],"replies":[{"embeddable":true,"href":"https:\/\/www.petrini.com.ar\/en\/wp-json\/wp\/v2\/comments?post=26173"}],"version-history":[{"count":0,"href":"https:\/\/www.petrini.com.ar\/en\/wp-json\/wp\/v2\/posts\/26173\/revisions"}],"wp:featuredmedia":[{"embeddable":true,"href":"https:\/\/www.petrini.com.ar\/en\/wp-json\/wp\/v2\/media\/3994"}],"wp:attachment":[{"href":"https:\/\/www.petrini.com.ar\/en\/wp-json\/wp\/v2\/media?parent=26173"}],"wp:term":[{"taxonomy":"category","embeddable":true,"href":"https:\/\/www.petrini.com.ar\/en\/wp-json\/wp\/v2\/categories?post=26173"},{"taxonomy":"post_tag","embeddable":true,"href":"https:\/\/www.petrini.com.ar\/en\/wp-json\/wp\/v2\/tags?post=26173"}],"curies":[{"name":"wp","href":"https:\/\/api.w.org\/{rel}","templated":true}]}}