{"id":24073,"date":"2024-10-07T15:27:34","date_gmt":"2024-10-07T18:27:34","guid":{"rendered":"https:\/\/www.petrini.com.ar\/?p=24073"},"modified":"2024-10-07T15:27:34","modified_gmt":"2024-10-07T18:27:34","slug":"claves-de-la-semana-97","status":"publish","type":"post","link":"https:\/\/www.petrini.com.ar\/en\/claves-de-la-semana-97\/","title":{"rendered":"Claves de la semana"},"content":{"rendered":"<p>Esta semana (del 7\/10 al 11\/10) se publicar\u00e1 la inflaci\u00f3n del IPC core y general de septiembre de Estados Unidos, Brasil y Argentina. La semana pasada ha sido levemente positiva para el equity luego de los buenos datos de mercado laboral, aunque las yields del Tesoro americano subieron por un ajuste de las expectativas de mercado; dado que la performance del mercado laboral disipa el temor por la recesi\u00f3n y pricean el recorte de 25 bps para la reuni\u00f3n de noviembre.<\/p>\n<p>Esto es lo que hay que saber para comenzar esta semana.<\/p>\n<p><strong>1. Minutas de la reuni\u00f3n del FOMC<\/strong><\/p>\n<p>El mi\u00e9rcoles se publican las minutas de la \u00faltima reuni\u00f3n del FOMC, en la cual se resolvi\u00f3 sin unanimidad el recorte de 50 bps de la tasa de pol\u00edtica monetaria. Los inversores prestan atenci\u00f3n a las minutas porque pueden dar una pauta del balance de riesgos que se observan para la toma de decisiones por parte de la autoridad monetaria, y as\u00ed esclarecer las expectativas.<\/p>\n<p>Acorde a las proyecciones y el dot plot de la \u00faltima reuni\u00f3n, los riesgos de desempleo son los que m\u00e1s preocupan a la Fed, y la inflaci\u00f3n converger\u00e1 m\u00e1s r\u00e1pido al objetivo brindando margen para bajar las tasas. Hay que tener en cuenta que el \u00faltimo dato de mercado laboral fue m\u00e1s que positivo: el desempleo de septiembre baj\u00f3 a 4.1% y las n\u00f3minas no agr\u00edcolas aumentaron en 254K. Estas estimaciones alinearon las expectativas del mercado con la Fed y pricean una muy alta probabilidad de que el recorte de la reuni\u00f3n programada para el 7 de noviembre sea de 25 bps.<\/p>\n<p><strong>2. Inflaci\u00f3n del IPC en EEUU<\/strong><\/p>\n<p>El jueves 10 de octubre se publican los datos de inflaci\u00f3n del IPC Core y del general para septiembre, y el viernes los del IPP. De acuerdo a las estimaciones del mercado, el IPC general se desacelerar\u00e1 tanto mensual como interanualmente (0.1% contra 0.2% mensual y 2.3% contra 2.5% interanual). En cuanto al IPC n\u00facleo, tambi\u00e9n se estima una desaceleraci\u00f3n de la inflaci\u00f3n mensual: 0.2% cuando la de agosto fue del 0.3%.<\/p>\n<p>Para el IPP el pron\u00f3stico es similar, se prev\u00e9 un 0.2% mensual para la n\u00facleo y 0.1% para el general. Se observa que la inflaci\u00f3n estar\u00eda convergiendo al objetivo y que por lo tanto, se puede cumplir con las proyecciones de recortes de 100 bps para este a\u00f1o, considerando que tambi\u00e9n el \u00edndice PCE se desaceler\u00f3 en agosto con resultados mejores a los esperados.<\/p>\n<p><strong>3. Ventas minoristas en la Zona Euro<\/strong><\/p>\n<p>Hoy lunes salieron los datos de ventas minoristas de la Uni\u00f3n Europea para el mes de agosto, las cuales se aceleraron respecto del mes anterior (el 0.2% mensual contra el 0.0% revisado). La variaci\u00f3n interanual tambi\u00e9n se aceler\u00f3: fue del 0.8%, aunque se esperaba que aumentaran el 1%.<\/p>\n<p>La tendencia de las ventas minoristas viene alternando entre aumentos y ca\u00eddas mes a mes, pero estabilizandose alrededor del 0%. En t\u00e9rminos interanuales, luego de m\u00e1s de un a\u00f1o con variaciones negativas, empezaron a recuperarse desde mayo de 2024, alternando con cambios positivos y negativos. Sin embargo, el dato de agosto fue el mejor en lo que va del a\u00f1o, y mejor al de 2023.<\/p>\n<p><strong>4. Inflaci\u00f3n y ventas minoristas de Brasil<\/strong><\/p>\n<p>De Brasil tambi\u00e9n se dar\u00e1n a conocer datos macro importantes como el de inflaci\u00f3n de septiembre y el de ventas minoristas de agosto. Cabe recordar que un d\u00eda despu\u00e9s de la reuni\u00f3n de la Reserva Federal, el Banco Central de Brasil revirti\u00f3 el proceso de flexibilizaci\u00f3n que ven\u00eda llevando a cabo, subiendo nuevamente las tasas a 10.75% a pesar de la disminuci\u00f3n del IPC de agosto. Para septiembre se estima que la inflaci\u00f3n mensual ser\u00e1 del 0.46%, y la interanual de 4.45%.<\/p>\n<p><strong>5. Argentina: inflaci\u00f3n e IPI manufacturero<\/strong><\/p>\n<p>El d\u00eda jueves el INDEC publicar\u00e1 los datos de inflaci\u00f3n para el mes de Septiembre para el IPC general e IPC n\u00facleo. La semana pasada, el BCRA public\u00f3 el Relevamiento de Expectativas de Mercado (REM), en el que las consultoras estimaron que la inflaci\u00f3n mensual ser\u00e1 de 3.5% para el Nivel General y 3.4% para el N\u00facleo. Esto implicar\u00eda una reducci\u00f3n de la inflaci\u00f3n con respecto al dato anterior, que fue de 4.2% y 4.1% respectivamente. Para tener como referencia, en el d\u00eda de hoy, el IPCBA, que mide la inflaci\u00f3n en la Ciudad de Buenos Aires, marc\u00f3 una leve baja en el ritmo de aumento de los precios (4.0% vs. 4.2%).<\/p>\n<p>Por otro lado, el d\u00eda martes se publicar\u00e1 el \u00cdndice de Producci\u00f3n Industrial Manufacturero (IPI manufacturero) para el mes de Agosto. Este \u00edndice, mostr\u00f3 una ca\u00edda de 5.4% en el mes de Julio respecto al mismo mes del a\u00f1o 2023 y un acumulado anual de -14.6% respecto a igual periodo de 2023.<\/p>\n<p>Para finalizar, recordar que este viernes 11\/10 ser\u00e1 Feriado Nacional por el D\u00eda del Respeto a la Diversidad Cultural.<\/p>\n<p><img loading=\"lazy\" decoding=\"async\" src=\"http:\/\/www.petrini.com.ar\/wp-content\/uploads\/2024\/10\/WhatsApp-Image-2024-10-07-at-2.18.42-PM-1-1-1.jpeg\" sizes=\"auto, (max-width: 770px) 100vw, 770px\" srcset=\"http:\/\/www.petrini.com.ar\/wp-content\/uploads\/2024\/10\/WhatsApp-Image-2024-10-07-at-2.18.42-PM-1-1-1.jpeg 826w, https:\/\/www.petrini.com.ar\/wp-content\/uploads\/2024\/10\/WhatsApp-Image-2024-10-07-at-2.18.42-PM-1-300x240.jpeg 300w, https:\/\/www.petrini.com.ar\/wp-content\/uploads\/2024\/10\/WhatsApp-Image-2024-10-07-at-2.18.42-PM-1-768x615.jpeg 768w, https:\/\/www.petrini.com.ar\/wp-content\/uploads\/2024\/10\/WhatsApp-Image-2024-10-07-at-2.18.42-PM-1-570x456.jpeg 570w\" alt=\"\" width=\"770\" height=\"616\" \/><\/p>","protected":false},"excerpt":{"rendered":"<p>Esta semana (del 7\/10 al 11\/10) se publicar\u00e1 la inflaci\u00f3n del IPC core y general de septiembre de Estados Unidos, Brasil y Argentina. La semana pasada ha sido levemente positiva para el equity luego de los buenos datos de mercado laboral, aunque las yields del Tesoro americano subieron por un ajuste de las expectativas de [&hellip;]<\/p>\n","protected":false},"author":10,"featured_media":3994,"comment_status":"closed","ping_status":"closed","sticky":false,"template":"","format":"standard","meta":{"footnotes":""},"categories":[100],"tags":[],"class_list":["post-24073","post","type-post","status-publish","format-standard","has-post-thumbnail","hentry","category-mercados"],"_links":{"self":[{"href":"https:\/\/www.petrini.com.ar\/en\/wp-json\/wp\/v2\/posts\/24073","targetHints":{"allow":["GET"]}}],"collection":[{"href":"https:\/\/www.petrini.com.ar\/en\/wp-json\/wp\/v2\/posts"}],"about":[{"href":"https:\/\/www.petrini.com.ar\/en\/wp-json\/wp\/v2\/types\/post"}],"author":[{"embeddable":true,"href":"https:\/\/www.petrini.com.ar\/en\/wp-json\/wp\/v2\/users\/10"}],"replies":[{"embeddable":true,"href":"https:\/\/www.petrini.com.ar\/en\/wp-json\/wp\/v2\/comments?post=24073"}],"version-history":[{"count":0,"href":"https:\/\/www.petrini.com.ar\/en\/wp-json\/wp\/v2\/posts\/24073\/revisions"}],"wp:featuredmedia":[{"embeddable":true,"href":"https:\/\/www.petrini.com.ar\/en\/wp-json\/wp\/v2\/media\/3994"}],"wp:attachment":[{"href":"https:\/\/www.petrini.com.ar\/en\/wp-json\/wp\/v2\/media?parent=24073"}],"wp:term":[{"taxonomy":"category","embeddable":true,"href":"https:\/\/www.petrini.com.ar\/en\/wp-json\/wp\/v2\/categories?post=24073"},{"taxonomy":"post_tag","embeddable":true,"href":"https:\/\/www.petrini.com.ar\/en\/wp-json\/wp\/v2\/tags?post=24073"}],"curies":[{"name":"wp","href":"https:\/\/api.w.org\/{rel}","templated":true}]}}