{"id":22391,"date":"2024-07-08T15:39:37","date_gmt":"2024-07-08T18:39:37","guid":{"rendered":"https:\/\/www.petrini.com.ar\/?p=22391"},"modified":"2024-07-08T15:39:37","modified_gmt":"2024-07-08T18:39:37","slug":"claves-de-la-semana-84","status":"publish","type":"post","link":"https:\/\/www.petrini.com.ar\/en\/claves-de-la-semana-84\/","title":{"rendered":"Claves de la semana"},"content":{"rendered":"<p>Esta semana (del 8\/7 al 12\/7) es fundamental para el mercado dado que las dos potencias principales dar\u00e1n a conocer su inflaci\u00f3n de junio. A nivel local ser\u00e1 una semana movida tanto en lo pol\u00edtico como en lo econ\u00f3mico; dado que conoceremos el dato de inflaci\u00f3n y se firmar\u00e1 el Pacto de Mayo que qued\u00f3 pendiente para el 9 de julio en Tucum\u00e1n.<\/p>\n<p>Esto es lo que hay que saber para arrancar la semana.<\/p>\n<ol>\n<li><strong> Publicaciones de resultados del 2Q24<\/strong><\/li>\n<\/ol>\n<p>Tras el cierre del segundo trimestre de 2024, algunos bancos importantes dan inicio a la temporada de balances. Este viernes publicar\u00e1n bancos muy importantes como el JP Morgan (NYSE:JPM), Wells Fargo (NYSE:WFC), Citigroup (NYSE:C) y Bank of New York Mellon (NYSE:BK).<\/p>\n<p>Tras una semana muy positiva en los mercados financieros norteamericanos (tambi\u00e9n en Europa por el triunfo de los laboristas en Inglaterra, y a la espera de m\u00e1s impactos dada la derrota de la derecha en Francia, que todav\u00eda debe elegir al Primer Ministro y Macron comienza a recuperar imagen), la atenci\u00f3n estar\u00e1 centrada en las presentaciones de resultados y el viernes ser\u00e1 por ello un d\u00eda fundamental.<\/p>\n<ol start=\"2\">\n<li><strong> Inflaci\u00f3n en EEUU\u00a0<\/strong><\/li>\n<\/ol>\n<p>Este jueves 11 de julio conoceremos el dato de inflaci\u00f3n del IPC de Estados Unidos, y el viernes 12 el dato de variaci\u00f3n del IPP. Acorde a las estimaciones privadas, el IPC n\u00facleo se espera que aumente un 0,2% mensual (igual que en el mes de mayo). Por su parte, del IPC se espera una leve aceleraci\u00f3n al 0,1% mensual).<\/p>\n<p>Tras el cierre del segundo trimestre de 2Q24, empezamos a ver las primeras se\u00f1ales de enfriamiento de los mercados laborales, viendo los datos de desempleo y de n\u00f3minas no agr\u00edcolas del viernes pasado; luego de un semestre en el cual la actividad entraba en un soft-landing pero el empleo permaneci\u00f3 resistente.<\/p>\n<ol start=\"3\">\n<li><strong> Brasil: IPC y ventas minoristas<\/strong><\/li>\n<\/ol>\n<p>Este mi\u00e9rcoles se publica el dato de inflaci\u00f3n del principal socio comercial de nuestro pa\u00eds y mayor econom\u00eda de Am\u00e9rica Latina. Brasil tiene como meta de inflaci\u00f3n una tasa del 3% con intervalo de tolerancia +-1,5. Las dificultades fiscales y la inflexibilidad del gobierno en cuanto al recorte de gastos &#8211; en mayo se registr\u00f3 un d\u00e9ficit primario de 63.9 billones de reales &#8211; hacen dif\u00edcil alcanzar el objetivo; sin embargo, en los \u00faltimos meses la tasa se ha mantenido dentro del rango de tolerancia. Para el mes de abril fue de 3,69%, reportando el m\u00ednimo nivel en todo lo que va del 2024, mientras que en mayo ha sufrido una aceleraci\u00f3n, incrementando al 3,93%. La expectativa es que se mantenga alrededor del 3,90%.<\/p>\n<p>Adem\u00e1s, el jueves se publican las ventas minoristas anuales y mensuales correspondientes al mes de Mayo, que miden el cambio en el valor total de las ventas minoristas ajustadas por inflaci\u00f3n, siendo el principal indicador del gasto de los consumidores que en definitiva representa la mayor parte de la actividad econ\u00f3mica. En abril las ventas minoristas crecieron por debajo de las estimaciones, en una cifra de 0,9% respecto a marzo, por debajo del 1,3% que se esperaba. Para junio se expecta una leve mejora en el indicador.<\/p>\n<ol start=\"4\">\n<li><strong> Se firma el Pacto de Mayo\u00a0\u00a0\u00a0<\/strong><\/li>\n<\/ol>\n<p>Esta semana comenz\u00f3 con la promulgaci\u00f3n de la Ley Bases y el Paquete Fiscal cuya aprobaci\u00f3n se logr\u00f3 en la C\u00e1mara de Diputados, y las expectativas est\u00e1n puestas en la reglamentaci\u00f3n de las mismas. El principal desaf\u00edo que se le presenta al Gobierno Nacional es la posibilidad de que el art\u00edculo de impuesto a las ganancias no sea judicializado y que pueda obtener un fallo favorable contra las impugnaciones que est\u00e1n buscando desde los sindicatos.<\/p>\n<p>A su vez, ma\u00f1ana martes 9 de julio es feriado por el d\u00eda de la Independencia; pero Milei ya ha convocado a Tucum\u00e1n a diferentes gobernadores y l\u00edderes pol\u00edticos de los distintos frentes con el fin de firmar el Pacto de Mayo (que estaba previsto para el 25 de mayo si consegu\u00eda la aprobaci\u00f3n de la ley).<\/p>\n<ol start=\"5\">\n<li><strong> Inflaci\u00f3n en Argentina<\/strong><\/li>\n<\/ol>\n<p>Este viernes, el INDEC publica la inflaci\u00f3n del IPC del mes de junio. Seg\u00fan las estimaciones privadas recopiladas por el BCRA en el informe mensual del REM, el \u00edndice de inflaci\u00f3n del IPC General subir\u00e1 al 5,2%; considerando que en el mes de junio hubo algunos aumentos en tarifas. Para aislar este efecto podemos analizar las estimaciones de REM para el IPC N\u00facleo (elimina los regulados y los precios con componentes estacionales) que se estima que se mantenga en 3,7% (igual al mes de mayo).<\/p>\n<p>El principal problema al que est\u00e1n atentos los mercados es a la falta de informaci\u00f3n que brindaron Luis Caputo y Santiago Bausili previo a la semana pasada, donde no hubo certezas de un levantamiento del cepo cambiario; sino que en vez de fechas establecieron par\u00e1metros y condiciones para que sea levantado. El problema radica en que seg\u00fan las estimaciones del REM, es dif\u00edcil esperar su eliminaci\u00f3n sin devaluaci\u00f3n, dado que se registraron ventas netas de reservas y no se espera que la inflaci\u00f3n mensual perfore el piso de 4%; por lo que no converger\u00e1 al 2% de crawling peg y el tipo de cambio se mantendr\u00eda atrasado si no se aceleran las devaluaciones mensuales.<\/p>\n<p><img loading=\"lazy\" decoding=\"async\" src=\"http:\/\/www.petrini.com.ar\/wp-content\/uploads\/2024\/07\/claves-8-7-1-1.png\" sizes=\"auto, (max-width: 625px) 100vw, 625px\" srcset=\"http:\/\/www.petrini.com.ar\/wp-content\/uploads\/2024\/07\/claves-8-7-1-1.png 625w, https:\/\/www.petrini.com.ar\/wp-content\/uploads\/2024\/07\/claves-8-7-293x300.png 293w, https:\/\/www.petrini.com.ar\/wp-content\/uploads\/2024\/07\/claves-8-7-570x585.png 570w\" alt=\"\" width=\"625\" height=\"641\" \/><\/p>","protected":false},"excerpt":{"rendered":"<p>Esta semana (del 8\/7 al 12\/7) es fundamental para el mercado dado que las dos potencias principales dar\u00e1n a conocer su inflaci\u00f3n de junio. A nivel local ser\u00e1 una semana movida tanto en lo pol\u00edtico como en lo econ\u00f3mico; dado que conoceremos el dato de inflaci\u00f3n y se firmar\u00e1 el Pacto de Mayo que qued\u00f3 [&hellip;]<\/p>\n","protected":false},"author":10,"featured_media":3994,"comment_status":"closed","ping_status":"closed","sticky":false,"template":"","format":"standard","meta":{"footnotes":""},"categories":[100],"tags":[],"class_list":["post-22391","post","type-post","status-publish","format-standard","has-post-thumbnail","hentry","category-mercados"],"_links":{"self":[{"href":"https:\/\/www.petrini.com.ar\/en\/wp-json\/wp\/v2\/posts\/22391","targetHints":{"allow":["GET"]}}],"collection":[{"href":"https:\/\/www.petrini.com.ar\/en\/wp-json\/wp\/v2\/posts"}],"about":[{"href":"https:\/\/www.petrini.com.ar\/en\/wp-json\/wp\/v2\/types\/post"}],"author":[{"embeddable":true,"href":"https:\/\/www.petrini.com.ar\/en\/wp-json\/wp\/v2\/users\/10"}],"replies":[{"embeddable":true,"href":"https:\/\/www.petrini.com.ar\/en\/wp-json\/wp\/v2\/comments?post=22391"}],"version-history":[{"count":0,"href":"https:\/\/www.petrini.com.ar\/en\/wp-json\/wp\/v2\/posts\/22391\/revisions"}],"wp:featuredmedia":[{"embeddable":true,"href":"https:\/\/www.petrini.com.ar\/en\/wp-json\/wp\/v2\/media\/3994"}],"wp:attachment":[{"href":"https:\/\/www.petrini.com.ar\/en\/wp-json\/wp\/v2\/media?parent=22391"}],"wp:term":[{"taxonomy":"category","embeddable":true,"href":"https:\/\/www.petrini.com.ar\/en\/wp-json\/wp\/v2\/categories?post=22391"},{"taxonomy":"post_tag","embeddable":true,"href":"https:\/\/www.petrini.com.ar\/en\/wp-json\/wp\/v2\/tags?post=22391"}],"curies":[{"name":"wp","href":"https:\/\/api.w.org\/{rel}","templated":true}]}}