{"id":22124,"date":"2024-06-03T15:23:30","date_gmt":"2024-06-03T18:23:30","guid":{"rendered":"https:\/\/www.petrini.com.ar\/?p=22124"},"modified":"2024-06-03T15:23:30","modified_gmt":"2024-06-03T18:23:30","slug":"claves-de-la-semana-79","status":"publish","type":"post","link":"https:\/\/www.petrini.com.ar\/en\/claves-de-la-semana-79\/","title":{"rendered":"Claves de la semana"},"content":{"rendered":"<p>Esta semana (del 3\/6 al 7\/5) se conocer\u00e1n datos claves principalmente de Europa y PMI de Estados Unidos, donde el foco est\u00e1 en la posible recuperaci\u00f3n de la manufactura y los servicios. Por otro lado, se re\u00fane en Banco Central Europeo y habr\u00e1 decisi\u00f3n de tasa. Finalmente en Mayo lleg\u00f3 a su fin la temporada de resultados del 1Q24 con el S&amp;P500 subiendo cerca de 4% gracias a las subas que se dieron en el sector tecnol\u00f3gico debido al reporte de resultados Nvidia (NVDA), que super\u00f3 totalmente las expectativas.<\/p>\n<p>Esto es lo que hay que saber para empezar la semana<\/p>\n<p><strong>1. Mercado laboral en EEUU<\/strong><\/p>\n<p>El informe de empleo en el pa\u00eds norteamericano es quiz\u00e1s el m\u00e1s esperado por los mercados. Se expecta la misma tasa de desempleo que se vi\u00f3 en el mes de abril, 3,9%; aunque con mayor presi\u00f3n sobre los salarios; la evoluci\u00f3n de los mismos es importante porque refleja el poder de compra de los consumidores, dato relevante especialmente luego de confirmar la desaceleraci\u00f3n del consumo en el mes de abril.<\/p>\n<p>El \u00edndice JOLTs predice una disminuci\u00f3n de los nuevos puestos vacantes en mayo en relaci\u00f3n a los de abril: 8,400M versus 8,488M. Se espera observar un aumento de los ingresos medios por hora mensual del 0,20% al 0,30%.<\/p>\n<p><strong>2. Nominas no agricolas EEUU<\/strong><\/p>\n<p>Antes de conocer el dato de las n\u00f3minas no agr\u00edcolas que se publicar\u00e1 el viernes, el mi\u00e9rcoles el Informe Nacional de Empleo (ADP) &#8211; que indica una medida de variaci\u00f3n mensual sin incluir datos de la industria agr\u00edcola privada de empleo &#8211; nos brindar\u00e1 una predicci\u00f3n. Con respecto al ADP, se pronostica un cambio negativo en relaci\u00f3n al mes pasado: 175K para mayo contra 192K en abril. En cuanto a las n\u00f3minas no agr\u00edcolas, por ahora la estimaci\u00f3n es de 185K para mayo versus 175K en abril.<\/p>\n<p>La eficiencia laboral al producir bienes y servicios viene desacelerando en los \u00faltimos meses, ello se ve reflejado en el \u00edndice de productividad no agr\u00edcola del primer trimestre, para el cual se pronostica 0,3%.<\/p>\n<p>El informe de n\u00f3minas no agr\u00edcolas de mayo en Estados Unidos, es crucial antes de la reuni\u00f3n de la Reserva Federal, muestra moderaci\u00f3n en el mercado laboral.<\/p>\n<p><strong>3. Datos ISM en EEUU<\/strong><\/p>\n<p>El ISM (Institute of Supply Management) publicar\u00e1 esta semana algunos indicadores relevantes sobre la actividad empresarial el d\u00eda mi\u00e9rcoles; junto con los datos del PMI de S&amp;P.<\/p>\n<p>Para el PMI Global de servicios S&amp;P se pronostica para mayo 54.8 puntos respecto a 51.3 puntos del mes de abril, indicando una clara mejora del \u00edndice. Para el PMI global compuesto S&amp;P tambi\u00e9n se prev\u00e9 que refleje una mejora: 54.4 versus 51.3 puntos.<\/p>\n<p>En cuanto a los \u00edndices que publicar\u00e1 el ISM, por un lado se pronostica para el empleo manufacturero de mayo 48.50 puntos en relaci\u00f3n a los 48.60 puntos de abril. Para el PMI manufacturero del ISM se prev\u00e9 una leve mejora de 49.80 respecto a los 49.20 puntos de abril.<\/p>\n<p>Por otro lado, respecto al PMI no manufacturero, la expectativa es 50.5 puntos versus 49.4 puntos de abril. Tambi\u00e9n se publicar\u00e1n el \u00edndice de precios no manufactureros, la actividad empresarial no manufacturera, el empleo no manufacturero y las nuevas \u00f3rdenes no manufactureras (en abril se observaron 59.2, 50.9, 45.9; 52.2 respectivamente). Estos datos son claves puesto que los sectores de manufactura y servicios se han enfriado en los \u00faltimos meses, una mejora de estos indicadores puede reflejar una posible recuperaci\u00f3n.<\/p>\n<p><strong>4. Decisi\u00f3n de tasas en la Eurozona<\/strong><\/p>\n<p>Hay cierto optimismo (certeza incluso para algunos funcionarios) de que este mi\u00e9rcoles inicia una fase de normalizaci\u00f3n de la pol\u00edtica monetaria recortando la tasa de 4,5% a 4,25%. Aunque ello no es seguro, especialmente despu\u00e9s de conocer las cifras m\u00e1s recientes de inflaci\u00f3n.<\/p>\n<p>Un detalle importante es que el BCE no puede dejar de considerar la pol\u00edtica que lleve a cabo la Fed; ya que muchas veces el primero sigui\u00f3 a la segunda por el hecho de que un alto diferencial de tasas ser\u00eda nocivo para el euro. De ah\u00ed surge un nuevo trade-off: bajar las tasas demasiado podr\u00eda ampliar la brecha con la tasa de la Fed y poner en riesgo al euro o mantener las tasas altas y entrar en una recesi\u00f3n interna.<\/p>\n<p>Es por eso que de haber un recorte, hay que estar atentos a qu\u00e9 se decide en la reuni\u00f3n de julio; ya que se espera cautela de parte de los funcionarios. Lo sabremos con claridad luego de la Conferencia que dar\u00e1 el BCE este jueves y el discurso que dar\u00e1 la presidenta Christine Lagarde. Adem\u00e1s, esta semana se desarrollar\u00e1n las elecciones del Parlamento Europeo.<\/p>\n<p><strong>5. Ley Bases y Paquete Fiscal<\/strong><\/p>\n<p>Tras una jornada larga de arduas negociaciones el Gobierno consigui\u00f3 el dictamen para que comience a tratarse la Ley en la C\u00e1mara de Senadores. Se espera que tanto la Ley como el paquete fiscal sean tratados en el recinto el 10 de junio, con la esperanza de obtener la aprobaci\u00f3n definitiva en julio. Dadas las modificaciones acordadas, se deber\u00e1 volver a pasar por la C\u00e1mara de Diputados. Este logro ha sido positivamente reconocido por el mercado: la performance de los activos locales mejor\u00f3, subieron las acciones y disminuy\u00f3 el riesgo pa\u00eds.<\/p>\n<p>La Ley de Bases no solamente refleja uno de los primeros pasos para la reforma econ\u00f3mica que busca La Libertad Avanza, sino tambi\u00e9n una se\u00f1al de gobernabilidad para el oficialismo.<\/p>\n<p>Esta semana las miradas estar\u00e1n puestas en la recaudaci\u00f3n tributaria que se publicar\u00e1 el viernes, adem\u00e1s de las primeras estimaciones de inflaci\u00f3n e indicadores de actividad.<\/p>\n<p><img loading=\"lazy\" decoding=\"async\" src=\"https:\/\/www.petrini.com.ar\/wp-content\/uploads\/2024\/06\/3-6-24-497x1024.jpg\" sizes=\"auto, (max-width: 497px) 100vw, 497px\" srcset=\"https:\/\/www.petrini.com.ar\/wp-content\/uploads\/2024\/06\/3-6-24-497x1024.jpg 497w, https:\/\/www.petrini.com.ar\/wp-content\/uploads\/2024\/06\/3-6-24-146x300.jpg 146w, https:\/\/www.petrini.com.ar\/wp-content\/uploads\/2024\/06\/3-6-24-570x1175.jpg 570w, http:\/\/www.petrini.com.ar\/wp-content\/uploads\/2024\/06\/3-6-24-1-1.jpg 641w\" alt=\"\" width=\"497\" height=\"1024\" \/><\/p>","protected":false},"excerpt":{"rendered":"<p>Esta semana (del 3\/6 al 7\/5) se conocer\u00e1n datos claves principalmente de Europa y PMI de Estados Unidos, donde el foco est\u00e1 en la posible recuperaci\u00f3n de la manufactura y los servicios. Por otro lado, se re\u00fane en Banco Central Europeo y habr\u00e1 decisi\u00f3n de tasa. Finalmente en Mayo lleg\u00f3 a su fin la temporada [&hellip;]<\/p>\n","protected":false},"author":10,"featured_media":3994,"comment_status":"closed","ping_status":"closed","sticky":false,"template":"","format":"standard","meta":{"footnotes":""},"categories":[100],"tags":[],"class_list":["post-22124","post","type-post","status-publish","format-standard","has-post-thumbnail","hentry","category-mercados"],"_links":{"self":[{"href":"https:\/\/www.petrini.com.ar\/en\/wp-json\/wp\/v2\/posts\/22124","targetHints":{"allow":["GET"]}}],"collection":[{"href":"https:\/\/www.petrini.com.ar\/en\/wp-json\/wp\/v2\/posts"}],"about":[{"href":"https:\/\/www.petrini.com.ar\/en\/wp-json\/wp\/v2\/types\/post"}],"author":[{"embeddable":true,"href":"https:\/\/www.petrini.com.ar\/en\/wp-json\/wp\/v2\/users\/10"}],"replies":[{"embeddable":true,"href":"https:\/\/www.petrini.com.ar\/en\/wp-json\/wp\/v2\/comments?post=22124"}],"version-history":[{"count":0,"href":"https:\/\/www.petrini.com.ar\/en\/wp-json\/wp\/v2\/posts\/22124\/revisions"}],"wp:featuredmedia":[{"embeddable":true,"href":"https:\/\/www.petrini.com.ar\/en\/wp-json\/wp\/v2\/media\/3994"}],"wp:attachment":[{"href":"https:\/\/www.petrini.com.ar\/en\/wp-json\/wp\/v2\/media?parent=22124"}],"wp:term":[{"taxonomy":"category","embeddable":true,"href":"https:\/\/www.petrini.com.ar\/en\/wp-json\/wp\/v2\/categories?post=22124"},{"taxonomy":"post_tag","embeddable":true,"href":"https:\/\/www.petrini.com.ar\/en\/wp-json\/wp\/v2\/tags?post=22124"}],"curies":[{"name":"wp","href":"https:\/\/api.w.org\/{rel}","templated":true}]}}