{"id":21630,"date":"2024-04-03T13:12:27","date_gmt":"2024-04-03T16:12:27","guid":{"rendered":"https:\/\/www.petrini.com.ar\/?p=21630"},"modified":"2024-04-03T13:12:27","modified_gmt":"2024-04-03T16:12:27","slug":"claves-de-la-semana-70","status":"publish","type":"post","link":"https:\/\/www.petrini.com.ar\/en\/claves-de-la-semana-70\/","title":{"rendered":"Claves de la semana"},"content":{"rendered":"<p>Esta semana (del 3\/4 al 5\/4) seguiremos conociendo datos de la econom\u00eda mundial con importantes efectos sobre los mercados financieros. Destacamos expectativas sobre la pol\u00edtica monetaria del BCE y datos de empleo y actividad en Estados Unidos. Los mercados operaron a la baja por el pesimismo respecto de los recortes de los tipos de inter\u00e9s y tensiones geopol\u00edticas de Medio Oriente y el conflicto Rusia-Ucrania.<\/p>\n<p>Esto es lo que hay que saber para empezar la semana.<\/p>\n<p><strong>1. PMI en Estados Unidos<\/strong><\/p>\n<p>El lunes primero de abril, se publicaron en Estados Unidos algunos resultados de PMI, mientras que otros se publicar\u00e1n en el transcurso de la semana. Seg\u00fan lo publicado por el ISM (Institute of Supply Management) varios indicadores mostraron valores mayores a los estimados, lo que refleja que la econom\u00eda estadounidense sigue resistente a pesar del enfriamiento que busca la Fed manteniendo las tasas en 5,5%.<\/p>\n<p>Estas estimaciones tuvieron como consecuencia reacciones en los mercados (m\u00e1s que nada en las yields de los bonos, que aumentaron a niveles r\u00e9cord de este a\u00f1o), disminuyendo las expectativas de recortes en el mes de junio. Hoy mi\u00e9rcoles se publican el PMI compuesto y de servicios de S&amp;P y otros del ISM.<\/p>\n<p><strong>2. Reuni\u00f3n OPEP<\/strong><\/p>\n<p>Hoy mi\u00e9rcoles a su vez se dar\u00e1 una reuni\u00f3n en la OPEP, que es fundamental para los inversores debido a las tensiones y conflictos de Ucrania con Rusia y Medio Oriente. Ya esta semana, la demanda estadounidense en alza por los resultados econ\u00f3micos positivos del lunes genera presiones sobre los precios de las commodities (que genera reacci\u00f3n de baja en los dem\u00e1s mercados por el pesimismo respecto a los recortes de la Fed).<\/p>\n<p>De la mano con la mayor demanda, por el lado de la oferta la reuni\u00f3n de OPEP es de suma relevancia por las tensiones que mencionamos anteriormente. Estos \u00faltimos d\u00edas Ucrania atac\u00f3 instalaciones energ\u00e9ticas rusas, e Israel bombarde\u00f3 la embajada iran\u00ed en la ciudad de Damasco. Esto \u00faltimo complica las tensiones ya que se espera que Ir\u00e1n tome represalias. Todas estas tensiones (en especial las de Oriente Medio) son un driver de los precios del petr\u00f3leo y de otras commodities, que finalmente tienen impacto en los mercados financieros en general).<\/p>\n<p><strong>3. Pol\u00edtica monetaria e inflaci\u00f3n en la Eurozona<\/strong><\/p>\n<p>Ma\u00f1ana se publican minutas de la \u00faltima reuni\u00f3n del Banco Central Europeo, adem\u00e1s de que habr\u00e1 publicaciones de inflaci\u00f3n (IPC hoy e IPP el viernes). Los inversores prestar\u00e1n atenci\u00f3n a estas publicaciones ya que se informan las condiciones econ\u00f3micas a las que se enfrenta el BCE y las opciones de pol\u00edtica monetaria que se tienen a la vista.<\/p>\n<p>El d\u00eda 2 de abril, el responsable de la pol\u00edtica monetaria del BCE Robert Holzmann, se refiri\u00f3 a un posible recorte de tipos en julio; descartando toda posibilidad de hacerlo en abril (dijo que en junio tendr\u00eda la informaci\u00f3n suficiente para tomar una decisi\u00f3n al respecto) teniendo en cuenta la decisi\u00f3n de la Fed para el mismo mes.<\/p>\n<p>Esto genera mucha incertidumbre debido a que las posibilidades de que la Fed recorte en junio se est\u00e1 enfriando, lo que podr\u00eda impactar en la decisi\u00f3n \u00faltima del BCE.<\/p>\n<p><strong>4. Inflaci\u00f3n y PMI en la Eurozona<\/strong><\/p>\n<p>Esta semana tambi\u00e9n conoceremos datos del IPC y el IPP (mi\u00e9rcoles 3 de abril y viernes 5 de abril respectivamente), adem\u00e1s de otros datos econ\u00f3micos importantes como los PMI de construcci\u00f3n, compuesto y de servicios; y las ventas minoristas de marzo. En cuanto al IPC, las estimaciones reflejan leves disminuciones en la variaci\u00f3n interanual (y 2,5% contra 2,6% en y 3% contra 3,1% en IPC n\u00facleo); mientras que en el IPP se esperan variaciones interanuales estables en torno al -8,6% del \u00faltimo dato conocido.<\/p>\n<p>Mientras tanto, las ventas minoristas se estima que sufrir\u00e1n ca\u00eddas mensuales del 0,3% mensual y 1,2% interanual. Para el caso del PMI, el martes conocimos el dato de la construcci\u00f3n, que dio 46,1; en campo de recesi\u00f3n pero ligeramente mayor a lo estimado. Por su parte, se espera un dato de 49,9 para el PMI manufacturero y un 51,1 para el sector servicios.<\/p>\n<p><strong>5. Datos de empleo en Estados Unidos<\/strong><\/p>\n<p>Este viernes tambi\u00e9n se publicar\u00e1n en Estados Unidos varios datos de empleo, que tienen impacto en los datos de consumo que manifiestan la situaci\u00f3n econ\u00f3mica general de Estados Unidos.<\/p>\n<p>Los dos datos a destacar son las n\u00f3minas no agr\u00edcolas del mes de marzo y la tasa de desempleo. Acorde a las estimaciones, se espera un aumento de 205.000 de las primeras (inferior a los 275.000 de febrero), y que la tasa de desempleo se mantenga estable respecto a su valor de febrero del 3,9%. A su vez, este jueves se espera que haya un leve aumento de las peticiones por subsidio de desempleo, lo cual refleja una vez m\u00e1s la resiliencia de los datos econ\u00f3micos ante la pol\u00edtica restrictiva de la Fed.<\/p>\n<p>\t\t\t\t\t\t\t\t\t\t\t\t\t\t\t<img decoding=\"async\" width=\"666\" height=\"941\" src=\"http:\/\/www.petrini.com.ar\/wp-content\/uploads\/2024\/04\/claves-3-4-3-2-1-1.png\" alt=\"\" loading=\"lazy\" srcset=\"http:\/\/www.petrini.com.ar\/wp-content\/uploads\/2024\/04\/claves-3-4-3-2-1-1.png 666w, https:\/\/www.petrini.com.ar\/wp-content\/uploads\/2024\/04\/claves-3-4-2-212x300.png 212w, https:\/\/www.petrini.com.ar\/wp-content\/uploads\/2024\/04\/claves-3-4-2-570x805.png 570w\" sizes=\"auto, (max-width: 666px) 100vw, 666px\" \/><\/p>","protected":false},"excerpt":{"rendered":"<p>Esta semana (del 3\/4 al 5\/4) seguiremos conociendo datos de la econom\u00eda mundial con importantes efectos sobre los mercados financieros. Destacamos expectativas sobre la pol\u00edtica monetaria del BCE y datos de empleo y actividad en Estados Unidos. Los mercados operaron a la baja por el pesimismo respecto de los recortes de los tipos de inter\u00e9s [&hellip;]<\/p>\n","protected":false},"author":9,"featured_media":3994,"comment_status":"closed","ping_status":"closed","sticky":false,"template":"","format":"standard","meta":{"footnotes":""},"categories":[100],"tags":[],"class_list":["post-21630","post","type-post","status-publish","format-standard","has-post-thumbnail","hentry","category-mercados"],"_links":{"self":[{"href":"https:\/\/www.petrini.com.ar\/en\/wp-json\/wp\/v2\/posts\/21630","targetHints":{"allow":["GET"]}}],"collection":[{"href":"https:\/\/www.petrini.com.ar\/en\/wp-json\/wp\/v2\/posts"}],"about":[{"href":"https:\/\/www.petrini.com.ar\/en\/wp-json\/wp\/v2\/types\/post"}],"author":[{"embeddable":true,"href":"https:\/\/www.petrini.com.ar\/en\/wp-json\/wp\/v2\/users\/9"}],"replies":[{"embeddable":true,"href":"https:\/\/www.petrini.com.ar\/en\/wp-json\/wp\/v2\/comments?post=21630"}],"version-history":[{"count":0,"href":"https:\/\/www.petrini.com.ar\/en\/wp-json\/wp\/v2\/posts\/21630\/revisions"}],"wp:featuredmedia":[{"embeddable":true,"href":"https:\/\/www.petrini.com.ar\/en\/wp-json\/wp\/v2\/media\/3994"}],"wp:attachment":[{"href":"https:\/\/www.petrini.com.ar\/en\/wp-json\/wp\/v2\/media?parent=21630"}],"wp:term":[{"taxonomy":"category","embeddable":true,"href":"https:\/\/www.petrini.com.ar\/en\/wp-json\/wp\/v2\/categories?post=21630"},{"taxonomy":"post_tag","embeddable":true,"href":"https:\/\/www.petrini.com.ar\/en\/wp-json\/wp\/v2\/tags?post=21630"}],"curies":[{"name":"wp","href":"https:\/\/api.w.org\/{rel}","templated":true}]}}