{"id":20682,"date":"2024-01-29T15:00:35","date_gmt":"2024-01-29T18:00:35","guid":{"rendered":"https:\/\/www.petrini.com.ar\/?p=20682"},"modified":"2024-01-29T15:00:35","modified_gmt":"2024-01-29T18:00:35","slug":"claves-de-la-semana-61","status":"publish","type":"post","link":"https:\/\/www.petrini.com.ar\/en\/claves-de-la-semana-61\/","title":{"rendered":"Claves de la semana"},"content":{"rendered":"<p>Esta semana (del 29\/1 al 2\/2) ser\u00e1 una semana muy movida en cuanto a calendario econ\u00f3mico entre publicaciones macro y anuncios importantes de pol\u00edtica econ\u00f3mica como la tan esperada decisi\u00f3n de tasas de la Reserva Federal. Tras una semana de aumentos en el S&amp;P 500 y un corte en la continua ca\u00edda que ven\u00eda sufriendo la renta fija americana en las semanas anteriores, esto es lo que hay que saber para arrancar la semana.<\/p>\n<p><strong>1. Inflaci\u00f3n de la Eurozona<\/strong><\/p>\n<p>El jueves 1 de febrero se conocer\u00e1 el dato mensual del IPC en la Uni\u00f3n Europea tras una semana de reuniones del Banco Central Europeo donde se habr\u00edan tratado los potenciales recortes esperados este a\u00f1o. A pesar de los cinco recortes programados para el a\u00f1o permanece la advertencia de Lagarde acerca de las apuestas del mercado sobre los recortes que ponen trabas al alcance de los objetivos de la inflaci\u00f3n del BCE.\u00a0Esta semana se publican la variaci\u00f3n mensual y anual cuyos \u00faltimos datos registrados son del 0,20% y 2,90%; y la estimaci\u00f3n para la variaci\u00f3n YoY del mes de enero es de un 2,80%.\u00a0\u00a0<\/p>\n<p><strong>2. Datos laborales de EEUU<\/strong><\/p>\n<p>Esta semana en distintos d\u00edas se anunciar\u00e1n varios datos del mercado laboral en Estados Unidos, siendo los principales la tasa de desempleo de enero y las n\u00f3minas de empleo no agr\u00edcola, ambas ser\u00e1n conocidas el viernes 2 de febrero.<\/p>\n<p>La tasa de desempleo se espera que se mantenga cerca del \u00faltimo registro del 3,7%, mientras que las n\u00f3minas tienen expectativas de haber aumentado en 173.000 frente al incremento de 216.000 del \u00faltimo antecedente registrado.<\/p>\n<p><strong>3. Decisi\u00f3n de tasa de la Fed<\/strong><\/p>\n<p>El suceso clave de esta semana es el primer anuncio del a\u00f1o de la Fed acerca de la tasa de inter\u00e9s. La semana pasada se public\u00f3 la inflaci\u00f3n del \u00edndice PCE que viene registrando niveles ligeramente inferiores al IPC por diferencias en algunas ponderaciones, que acercan a los niveles de inflaci\u00f3n al objetivo. Se espera a su vez que el IPC se desacelere a\u00fan m\u00e1s por las expectativas de desaceleraci\u00f3n de los precios de la vivienda los pr\u00f3ximos meses.<\/p>\n<p>La Fed ha cumplido el objetivo de pleno empleo pero no a\u00fan el de la inflaci\u00f3n, que a\u00fan no se redujo al 2% objetivo. Las expectativas del mercado llevan a pricear una baja agresiva de \u00a0 tasas por lo dicho sobre las viviendas; pero no detectan el riesgo de un recalentamiento del mercado laboral que pueda volver a poner presiones inflacionarias que podr\u00eda generar tal recorte.<\/p>\n<p><strong>4. Presentaci\u00f3n de balances<\/strong><\/p>\n<p><strong>\u00a0<\/strong>Esta semana tambi\u00e9n contin\u00faan las presentaciones de resultados de varias empresas tecnol\u00f3gicas importantes como Microsoft (NASDAQ:MSFT), Amazon(NASDAQ:AMZN) y Apple (NASDAQ:AAPL) como principales focos de atenci\u00f3n. Tambi\u00e9n presentan resultados Alphabet (NASDAQ:GOOGL), Meta (NASDAQ:META), Exxon Mobile (NYSE:XOM), entre otras.<\/p>\n<p>Si bien tuvo una muy ligera ca\u00edda el viernes, el S&amp;P 500 sigue firme tras una semana positiva. Microsoft, que presenta resultados el martes, trae en 2024 un aumento en su valor de mercado que ya alcanz\u00f3 el 7% superando a Apple (que no lleva un gran a\u00f1o este 2024 por la preocupaci\u00f3n de la demanda de iPhones en China) y compitiendo con Nvidia (NASDAQ:NVDA) que tambi\u00e9n trae consigo grandes ganancias. Apple presentar\u00e1 balances el jueves 1 de febrero.<\/p>\n<p><strong>5. Tratamiento de la Ley \u00d3mnibus\u00a0<\/strong><\/p>\n<p>La semana pasada tras arduas negociaciones con los sectores m\u00e1s dialoguistas de la oposici\u00f3n, se\u00a0 consigui\u00f3 firmar el dictamen para tratar en el Congreso la Ley \u00d3mnibus. Desde el oficialismo el objetivo era tratarla el jueves 25\u00a0 de enero en la C\u00e1mara Baja, pero las negociaciones se mantuvieron y continuar\u00e1 el di\u00e1logo durante esta semana.<\/p>\n<p>El proyecto tuvo varias transformaciones; como por ejemplo la eliminaci\u00f3n del cap\u00edtulo fiscal del paquete, eliminar algunas privatizaciones y reducir a otras a parciales para conseguir el apoyo de los legisladores de bloques dialoguistas para alcanzar la mayor\u00eda necesaria para aprobar la Ley. La pol\u00e9mica que hay que seguir con atenci\u00f3n es la de las facultades que la misma delega al Poder Ejecutivo, que exige revisi\u00f3n incluso por parte de miembros del PRO.<\/p>\n<p>Si bien a\u00fan hay posibilidades de continuar el rumbo hacia el equilibrio fiscal que no requieren de aprobaci\u00f3n del Congreso, es cierto que la eliminaci\u00f3n del cap\u00edtulo fiscal alert\u00f3 a los inversores en un contexto en el que la Argentina ven\u00eda dando se\u00f1ales positivas por lo acordado con el FMI y el cumplimiento con bonistas las semanas anteriores. Es clave en los mercados el anuncio de un nuevo paquete fiscal para reducir esa incertidumbre en el mercado.<\/p>\n<p>\t\t\t\t\t\t\t\t\t\t\t\t\t\t\t<img decoding=\"async\" width=\"574\" height=\"1024\" src=\"https:\/\/www.petrini.com.ar\/wp-content\/uploads\/2024\/01\/claves-29-1-574x1024.png\" alt=\"\" loading=\"lazy\" srcset=\"https:\/\/www.petrini.com.ar\/wp-content\/uploads\/2024\/01\/claves-29-1-574x1024.png 574w, https:\/\/www.petrini.com.ar\/wp-content\/uploads\/2024\/01\/claves-29-1-168x300.png 168w, https:\/\/www.petrini.com.ar\/wp-content\/uploads\/2024\/01\/claves-29-1-570x1016.png 570w, http:\/\/www.petrini.com.ar\/wp-content\/uploads\/2024\/01\/claves-29-1-1-1.png 640w\" sizes=\"auto, (max-width: 574px) 100vw, 574px\" \/><\/p>","protected":false},"excerpt":{"rendered":"<p>Esta semana (del 29\/1 al 2\/2) ser\u00e1 una semana muy movida en cuanto a calendario econ\u00f3mico entre publicaciones macro y anuncios importantes de pol\u00edtica econ\u00f3mica como la tan esperada decisi\u00f3n de tasas de la Reserva Federal. Tras una semana de aumentos en el S&amp;P 500 y un corte en la continua ca\u00edda que ven\u00eda sufriendo [&hellip;]<\/p>\n","protected":false},"author":9,"featured_media":3994,"comment_status":"closed","ping_status":"closed","sticky":false,"template":"","format":"standard","meta":{"footnotes":""},"categories":[100],"tags":[],"class_list":["post-20682","post","type-post","status-publish","format-standard","has-post-thumbnail","hentry","category-mercados"],"_links":{"self":[{"href":"https:\/\/www.petrini.com.ar\/en\/wp-json\/wp\/v2\/posts\/20682","targetHints":{"allow":["GET"]}}],"collection":[{"href":"https:\/\/www.petrini.com.ar\/en\/wp-json\/wp\/v2\/posts"}],"about":[{"href":"https:\/\/www.petrini.com.ar\/en\/wp-json\/wp\/v2\/types\/post"}],"author":[{"embeddable":true,"href":"https:\/\/www.petrini.com.ar\/en\/wp-json\/wp\/v2\/users\/9"}],"replies":[{"embeddable":true,"href":"https:\/\/www.petrini.com.ar\/en\/wp-json\/wp\/v2\/comments?post=20682"}],"version-history":[{"count":0,"href":"https:\/\/www.petrini.com.ar\/en\/wp-json\/wp\/v2\/posts\/20682\/revisions"}],"wp:featuredmedia":[{"embeddable":true,"href":"https:\/\/www.petrini.com.ar\/en\/wp-json\/wp\/v2\/media\/3994"}],"wp:attachment":[{"href":"https:\/\/www.petrini.com.ar\/en\/wp-json\/wp\/v2\/media?parent=20682"}],"wp:term":[{"taxonomy":"category","embeddable":true,"href":"https:\/\/www.petrini.com.ar\/en\/wp-json\/wp\/v2\/categories?post=20682"},{"taxonomy":"post_tag","embeddable":true,"href":"https:\/\/www.petrini.com.ar\/en\/wp-json\/wp\/v2\/tags?post=20682"}],"curies":[{"name":"wp","href":"https:\/\/api.w.org\/{rel}","templated":true}]}}