{"id":19752,"date":"2023-09-05T11:00:25","date_gmt":"2023-09-05T14:00:25","guid":{"rendered":"https:\/\/www.petrini.com.ar\/?p=19752"},"modified":"2023-09-05T11:00:25","modified_gmt":"2023-09-05T14:00:25","slug":"nueva-emision-de-on-de-ypf-s-a-3","status":"publish","type":"post","link":"https:\/\/www.petrini.com.ar\/en\/nueva-emision-de-on-de-ypf-s-a-3\/","title":{"rendered":"Nueva emisi\u00f3n de ON de YPF S.A."},"content":{"rendered":"<p>En esta oportunidad, acercamos el Aviso de Suscripci\u00f3n de YPF S.A..<\/p>\n<p>En este\u00a0<a href=\"http:\/\/www.petrini.com.ar\/wp-content\/uploads\/2023\/09\/YPF-ONs-Clase-XXVI-y-Clase-XXI-Adicional-Aviso-de-SuscripciA\u00b3n-VF-1.pdf\">link<\/a> podr\u00e1 descargar el Aviso de Suscripci\u00f3n de las ON clases XXVI y XXI Adicionales<\/p>\n<p>Per\u00edodo de Difusi\u00f3n: desde el martes 05 al mi\u00e9rcoles 06 de septiembre<br \/>\nSubasta: Jueves 07 de Septiembre de 10.00hs a 16.00hs<br \/>\nEmisi\u00f3n y liquidaci\u00f3n: Martes 12 de Septiembre (t+3)<\/p>\n<p>Debajo detallamos condiciones de emisi\u00f3n:<\/p>\n<p><a href=\"https:\/\/www.petrini.com.ar\/en\/nueva-emision-de-on-de-ypf-s-a-3\/ypf-dl\/\" rel=\"attachment wp-att-19753\"><img loading=\"lazy\" decoding=\"async\" class=\"aligncenter size-full wp-image-19753\" src=\"http:\/\/www.petrini.com.ar\/wp-content\/uploads\/2023\/09\/YPF-DL-1-1.png\" alt=\"\" width=\"595\" height=\"734\" \/><\/a><\/p>\n<p>Para m\u00e1s informaci\u00f3n:<br \/>\n&#x2714;\u00a0Ingres\u00e1 a nuestra web www.petrini.com.ar.<br \/>\n&#x2714;\u00a0Comunicate por tel\u00e9fono: +54 (351) 423-0048 o por email en info@petrini.com.ar<br \/>\n&#x2714;\u00a0O coordin\u00e1 por privado una reuni\u00f3n en nuestra oficinas comerciales: 25 de Mayo 267 \u2013 Piso 3 \u2013 C\u00f3rdoba, Argentina.<\/p>","protected":false},"excerpt":{"rendered":"<p>En esta oportunidad, acercamos el Aviso de Suscripci\u00f3n de YPF S.A.. En este\u00a0link podr\u00e1 descargar el Aviso de Suscripci\u00f3n de las ON clases XXVI y XXI Adicionales Per\u00edodo de Difusi\u00f3n: desde el martes 05 al mi\u00e9rcoles 06 de septiembre Subasta: Jueves 07 de Septiembre de 10.00hs a 16.00hs Emisi\u00f3n y liquidaci\u00f3n: Martes 12 de Septiembre [&hellip;]<\/p>\n","protected":false},"author":5,"featured_media":2904,"comment_status":"closed","ping_status":"closed","sticky":false,"template":"","format":"standard","meta":{"footnotes":""},"categories":[101],"tags":[],"class_list":["post-19752","post","type-post","status-publish","format-standard","has-post-thumbnail","hentry","category-emisiones"],"_links":{"self":[{"href":"https:\/\/www.petrini.com.ar\/en\/wp-json\/wp\/v2\/posts\/19752","targetHints":{"allow":["GET"]}}],"collection":[{"href":"https:\/\/www.petrini.com.ar\/en\/wp-json\/wp\/v2\/posts"}],"about":[{"href":"https:\/\/www.petrini.com.ar\/en\/wp-json\/wp\/v2\/types\/post"}],"author":[{"embeddable":true,"href":"https:\/\/www.petrini.com.ar\/en\/wp-json\/wp\/v2\/users\/5"}],"replies":[{"embeddable":true,"href":"https:\/\/www.petrini.com.ar\/en\/wp-json\/wp\/v2\/comments?post=19752"}],"version-history":[{"count":0,"href":"https:\/\/www.petrini.com.ar\/en\/wp-json\/wp\/v2\/posts\/19752\/revisions"}],"wp:featuredmedia":[{"embeddable":true,"href":"https:\/\/www.petrini.com.ar\/en\/wp-json\/wp\/v2\/media\/2904"}],"wp:attachment":[{"href":"https:\/\/www.petrini.com.ar\/en\/wp-json\/wp\/v2\/media?parent=19752"}],"wp:term":[{"taxonomy":"category","embeddable":true,"href":"https:\/\/www.petrini.com.ar\/en\/wp-json\/wp\/v2\/categories?post=19752"},{"taxonomy":"post_tag","embeddable":true,"href":"https:\/\/www.petrini.com.ar\/en\/wp-json\/wp\/v2\/tags?post=19752"}],"curies":[{"name":"wp","href":"https:\/\/api.w.org\/{rel}","templated":true}]}}