{"id":15922,"date":"2023-01-16T11:29:47","date_gmt":"2023-01-16T14:29:47","guid":{"rendered":"https:\/\/www.petrini.com.ar\/?p=15922"},"modified":"2023-01-16T11:29:47","modified_gmt":"2023-01-16T14:29:47","slug":"claves-de-la-semana-11","status":"publish","type":"post","link":"https:\/\/www.petrini.com.ar\/en\/claves-de-la-semana-11\/","title":{"rendered":"Claves de la semana"},"content":{"rendered":"<p>La celebraci\u00f3n de la reuni\u00f3n anual del Foro de Davos, a la que asistir\u00e1n l\u00edderes pol\u00edticos, econ\u00f3micos y empresariales de todo el mundo, los datos econ\u00f3micos de China y la publicaci\u00f3n de resultados empresariales de grandes compa\u00f1\u00edas, marcar\u00e1n la actualidad econ\u00f3mica en una semana m\u00e1s corta por el festivo en el pa\u00eds americano. La bolsa estadounidense permanecer\u00e1 cerrada el lunes por el D\u00eda de Martin Luther King Jr..<\/p>\n<p>Esto es todo lo que necesita saber para empezar la semana.<\/p>\n<ol>\n<li><strong> Datos econ\u00f3micos en EE.UU.<\/strong><\/li>\n<\/ol>\n<p>El d\u00eda mi\u00e9rcoles se dar\u00e1n a conocer las ventas minoristas estadounidenses que registraron en noviembre su mayor descenso en 11 meses. Si se produjera una ca\u00edda similar en diciembre, se sumar\u00eda a los recientes indicios de que las agresivas subidas de tipos de la Reserva Federal est\u00e1n provocando un enfriamiento de la econom\u00eda.<\/p>\n<p>El calendario econ\u00f3mico de esta semana tambi\u00e9n incluye datos sobre la inflaci\u00f3n de los precios de producci\u00f3n, las ventas de viviendas existentes y las\u00a0solicitudes iniciales del subsidio por desempleo, junto con informes regionales sobre la producci\u00f3n manufacturera.<\/p>\n<p>Los datos conocidos la semana pasada revelaban una ca\u00edda de los precios al consumo en Estados Unidos en diciembre por primera vez en m\u00e1s de dos a\u00f1os y medio. Eso aument\u00f3 las esperanzas de que la inflaci\u00f3n siga una tendencia continuada a la baja, algo que podr\u00eda dar a la Reserva Federal cierto margen para relajar las subidas de los tipos de inter\u00e9s.<\/p>\n<p>Los participantes en el mercado monetario ven ahora un 91,6% de probabilidades de que la FED\u00a0suba los tipos\u00a0en 25 puntos b\u00e1sicos en su pr\u00f3xima reuni\u00f3n de pol\u00edtica monetaria que se celebrar\u00e1 el 31 de enero &#8211; 1 de febrero.<\/p>\n<ol start=\"2\">\n<li><strong> Temporada de balances<\/strong><\/li>\n<\/ol>\n<p>La temporada de resultados comenz\u00f3 de forma oficiosa el pasado viernes, con cuatro de los mayores bancos comerciales estadounidenses dando a conocer sus cifras trimestrales, cifras que, a pesar de tener sus \u201cclaros y oscuros\u201d, fueron en conjunto mejor de lo esperado, por lo que fueron, tras una reacci\u00f3n inicial negativa, bien acogidos por los inversores. El mercado descuenta en la actualidad que la econom\u00eda estadounidense, producto de las alzas de tipos implementadas por la Reserva Federal (Fed), entrar\u00e1 en recesi\u00f3n a lo largo de 2023, pero los economistas prev\u00e9n que \u00e9sta sea leve y de poca duraci\u00f3n.<\/p>\n<p>Goldman Sachs (NYSE:GS) y\u00a0Morgan Stanley\u00a0(NYSE:MS) presentar\u00e1n resultados el martes antes de la apertura de los mercados, seguidos por Procter &amp; Gamble (NYSE:PG) antes de la apertura y Netflix (NASDAQ:NFLX) el jueves despu\u00e9s del cierre.<\/p>\n<p>Se espera que los beneficios interanuales de las empresas del\u00a0S&amp;P 500\u00a0hayan disminuido un 2,2% en el \u00faltimo trimestre, seg\u00fan los datos proporcionados por Refinitiv.<\/p>\n<p>Este ser\u00eda el primer trimestre en EE.UU. con un descenso de los beneficios desde el tercer trimestre de 2020, cuando las empresas a\u00fan estaban haciendo frente al inicio de la pandemia de coronavirus.<\/p>\n<ol start=\"3\">\n<li><strong> Gran cantidad de datos chinos<\/strong><\/li>\n<\/ol>\n<p>El martes China publicar\u00e1 sus datos sobre el\u00a0PBI del cuarto trimestre\u00a0y el\u00a0anual, as\u00ed como los datos de diciembre sobre ventas al por menor, inversiones y producci\u00f3n industrial, los cuales no se cree que vayan a ser buenos.<\/p>\n<p>Pero en medio de la r\u00e1pida reapertura de China, la atenci\u00f3n de los inversores se centra ahora en las perspectivas de recuperaci\u00f3n de la segunda econom\u00eda m\u00e1s grande del mundo.<\/p>\n<p>El fuerte aumento de los viajes con motivo de las vacaciones del A\u00f1o Nuevo Lunar, que comenzar\u00e1n el 21 de enero, ha alimentado la preocupaci\u00f3n de que se produzca un repunte en los casos de COVID.<\/p>\n<ol start=\"4\">\n<li><strong> Foro Econ\u00f3mico de Davos<\/strong><\/li>\n<\/ol>\n<p>El\u00a0Foro Econ\u00f3mico Mundial\u00a0celebrar\u00e1 su primera reuni\u00f3n de invierno desde antes de la pandemia esta semana en Davos. Al encuentro asistir\u00e1n l\u00edderes mundiales, responsables pol\u00edticos de los bancos centrales y grandes l\u00edderes empresariales.<\/p>\n<p>En el orden del d\u00eda: la crisis del costo de la vida, la amenaza de cat\u00e1strofes naturales y fen\u00f3menos meteorol\u00f3gicos extremos, confrontaciones geoecon\u00f3micas y el fallo en mitigar el cambio clim\u00e1tico; asuntos que suponen los principales riesgos para los pr\u00f3ximos dos a\u00f1os seg\u00fan una encuesta realizada entre los miembros del FEM.<\/p>\n<p>Tambi\u00e9n se acerca el primer aniversario de la guerra de Rusia en Ucrania, que ha sacudido una econom\u00eda mundial que a\u00fan se tambalea por las secuelas de la pandemia de la COVID.<\/p>\n<ol start=\"5\">\n<li><strong> Desempleo en Brasil y Balanza Comercial argentina<\/strong><\/li>\n<\/ol>\n<p>El Gobierno brasile\u00f1o divulga la tasa promedio de desempleo en el trimestre concluido en noviembre.<\/p>\n<p>El instituto de estad\u00edsticas de Argentina dar\u00e1 a conocer el intercambio comercial argentino de diciembre pasado, que en noviembre registr\u00f3 un super\u00e1vit comercial de 1.339 millones de d\u00f3lares, lo que representa un salto interanual del 215,8 %.<\/p>\n<p><img loading=\"lazy\" decoding=\"async\" src=\"http:\/\/www.petrini.com.ar\/wp-content\/uploads\/2023\/01\/Claves-1-1-2-1.bmp\" alt=\"\" width=\"587\" height=\"521\" \/><\/p>","protected":false},"excerpt":{"rendered":"<p>La celebraci\u00f3n de la reuni\u00f3n anual del Foro de Davos, a la que asistir\u00e1n l\u00edderes pol\u00edticos, econ\u00f3micos y empresariales de todo el mundo, los datos econ\u00f3micos de China y la publicaci\u00f3n de resultados empresariales de grandes compa\u00f1\u00edas, marcar\u00e1n la actualidad econ\u00f3mica en una semana m\u00e1s corta por el festivo en el pa\u00eds americano. La bolsa [&hellip;]<\/p>\n","protected":false},"author":5,"featured_media":3994,"comment_status":"closed","ping_status":"closed","sticky":false,"template":"","format":"standard","meta":{"footnotes":""},"categories":[100],"tags":[],"class_list":["post-15922","post","type-post","status-publish","format-standard","has-post-thumbnail","hentry","category-mercados"],"_links":{"self":[{"href":"https:\/\/www.petrini.com.ar\/en\/wp-json\/wp\/v2\/posts\/15922","targetHints":{"allow":["GET"]}}],"collection":[{"href":"https:\/\/www.petrini.com.ar\/en\/wp-json\/wp\/v2\/posts"}],"about":[{"href":"https:\/\/www.petrini.com.ar\/en\/wp-json\/wp\/v2\/types\/post"}],"author":[{"embeddable":true,"href":"https:\/\/www.petrini.com.ar\/en\/wp-json\/wp\/v2\/users\/5"}],"replies":[{"embeddable":true,"href":"https:\/\/www.petrini.com.ar\/en\/wp-json\/wp\/v2\/comments?post=15922"}],"version-history":[{"count":0,"href":"https:\/\/www.petrini.com.ar\/en\/wp-json\/wp\/v2\/posts\/15922\/revisions"}],"wp:featuredmedia":[{"embeddable":true,"href":"https:\/\/www.petrini.com.ar\/en\/wp-json\/wp\/v2\/media\/3994"}],"wp:attachment":[{"href":"https:\/\/www.petrini.com.ar\/en\/wp-json\/wp\/v2\/media?parent=15922"}],"wp:term":[{"taxonomy":"category","embeddable":true,"href":"https:\/\/www.petrini.com.ar\/en\/wp-json\/wp\/v2\/categories?post=15922"},{"taxonomy":"post_tag","embeddable":true,"href":"https:\/\/www.petrini.com.ar\/en\/wp-json\/wp\/v2\/tags?post=15922"}],"curies":[{"name":"wp","href":"https:\/\/api.w.org\/{rel}","templated":true}]}}