{"id":12103,"date":"2022-06-27T11:08:33","date_gmt":"2022-06-27T14:08:33","guid":{"rendered":"https:\/\/www.petrini.com.ar\/?p=12103"},"modified":"2022-06-27T11:08:33","modified_gmt":"2022-06-27T14:08:33","slug":"claves-para-la-semana-22","status":"publish","type":"post","link":"https:\/\/www.petrini.com.ar\/en\/claves-para-la-semana-22\/","title":{"rendered":"Claves para la semana"},"content":{"rendered":"<p>Esta semana se dar\u00e1n a conocer datos econ\u00f3micos de EEUU, Eurozona y China que dar\u00e1n algunos indicios acerca de la evoluci\u00f3n de la inflaci\u00f3n y la probabilidad de que la econom\u00eda mundial caiga en una recesi\u00f3n.<\/p>\n<ol>\n<li><strong>Foro de Sintra<\/strong><\/li>\n<\/ol>\n<p>El foro de tres d\u00edas del BCE en Sintra, Portugal, comienza el lunes en un contexto de preocupaciones sobre si las medidas del banco central para acabar con el aumento de la inflaci\u00f3n m\u00e1s fuerte en d\u00e9cadas podr\u00edan llevar a la econom\u00eda mundial a una recesi\u00f3n. El foro se centrar\u00e1 en los &#8220;desaf\u00edos de la pol\u00edtica monetaria en un mundo que cambia r\u00e1pidamente&#8221;.<\/p>\n<p>Los inversores seguir\u00e1n de cerca la mesa redonda del mi\u00e9rcoles con Lagarde, Powell y Bailey para conocer c\u00f3mo los jefes del banco central ven la compensaci\u00f3n entre frenar la inflaci\u00f3n y seguir tratando de garantizar un aterrizaje suave para la econom\u00eda mundial.<\/p>\n<ol start=\"2\">\n<li><strong>Datos econ\u00f3micos de EE. UU.<\/strong><\/li>\n<\/ol>\n<p>Estados Unidos publicar\u00e1 una serie de datos econ\u00f3micos que mostrar\u00e1n c\u00f3mo le est\u00e1 yendo a la econom\u00eda en medio del agresivo ciclo de aumento de tasas de la Reserva Federal.<\/p>\n<p>Los inversores observar\u00e1n de cerca los datos de mayo del jueves sobre el <strong>\u00edndice de precios de gastos de consumo personal<\/strong> en busca de indicaciones sobre si la inflaci\u00f3n se est\u00e1 enfriando.<\/p>\n<p>Los economistas esperan que los <strong>pedidos de bienes duraderos<\/strong> se desaceleren, la <strong>confianza del consumidor<\/strong> se deteriore a\u00fan m\u00e1s y las <strong>encuestas manufactureras<\/strong> se debiliten a\u00fan m\u00e1s, lo que se suma a las preocupaciones sobre las perspectivas econ\u00f3micas.<\/p>\n<p>Un informe sobre las <strong>ventas pendientes de viviendas<\/strong> y el <strong>\u00edndice de precios de viviendas Case-Shiller<\/strong> deber\u00edan mostrar cu\u00e1nto est\u00e1n afectando las tasas hipotecarias en aumento al sector de la vivienda.<\/p>\n<ol start=\"3\">\n<li><strong>Inflaci\u00f3n de la eurozona<\/strong><\/li>\n<\/ol>\n<p>La eurozona publicar\u00e1 el viernes los datos de <strong>inflaci\u00f3n de los precios al consumidor de junio<\/strong>, que se espera que alcancen un nuevo m\u00e1ximo hist\u00f3rico del 8,3 % interanual a medida que los costos de la energ\u00eda y los alimentos contin\u00faan aumentando. La inflaci\u00f3n de la zona euro alcanz\u00f3 un r\u00e9cord del 8,1% en mayo, m\u00e1s de cuatro veces m\u00e1s que el objetivo anual del 2% del BCE.<\/p>\n<p>Es probable que los datos de inflaci\u00f3n agreguen combustible al debate sobre si el BCE deber\u00eda realizar mayores aumentos en las tasas de inter\u00e9s despu\u00e9s de un aumento de un cuarto de punto se\u00f1alado para julio, en lo que ser\u00e1 su primer movimiento para endurecer la pol\u00edtica en m\u00e1s de una d\u00e9cada.<\/p>\n<p>Mientras tanto, se espera que los datos de <strong>confianza del consumidor<\/strong> de la zona euro del mismo d\u00eda permanezcan deprimidos en medio de las preocupaciones actuales sobre el impacto econ\u00f3mico de la inflaci\u00f3n elevada y la guerra en Ucrania.<\/p>\n<ol start=\"4\">\n<li><strong>Datos de China<\/strong><\/li>\n<\/ol>\n<p>China publicar\u00e1 los datos sobre las <strong>ganancias industriales<\/strong> el lunes, seguido de los datos del <strong>PMI <\/strong>el jueves y el viernes, respectivamente.<\/p>\n<p>Los n\u00fameros positivos podr\u00edan ofrecer alguna esperanza a los mercados financieros pesimistas.<\/p>\n<p>Los bloqueos de cero COVID y una econom\u00eda global en desaceleraci\u00f3n han empujado el precio del cobre, indicador de crecimiento, casi un 10% m\u00e1s bajo en dos semanas en Shangh\u00e1i.<\/p>\n<p>Pero los bloqueos se han relajado y si los datos apuntan a un regreso al crecimiento, ser\u00eda una se\u00f1al bienvenida para la econom\u00eda y para aquellos que ven las acciones chinas como un refugio de los temores de estanflaci\u00f3n que se apoderan de Occidente.<\/p>","protected":false},"excerpt":{"rendered":"<p>Esta semana se dar\u00e1n a conocer datos econ\u00f3micos de EEUU, Eurozona y China que dar\u00e1n algunos indicios acerca de la evoluci\u00f3n de la inflaci\u00f3n y la probabilidad de que la econom\u00eda mundial caiga en una recesi\u00f3n. Foro de Sintra El foro de tres d\u00edas del BCE en Sintra, Portugal, comienza el lunes en un contexto [&hellip;]<\/p>\n","protected":false},"author":5,"featured_media":3994,"comment_status":"closed","ping_status":"closed","sticky":false,"template":"","format":"standard","meta":{"footnotes":""},"categories":[100],"tags":[],"class_list":["post-12103","post","type-post","status-publish","format-standard","has-post-thumbnail","hentry","category-mercados"],"_links":{"self":[{"href":"https:\/\/www.petrini.com.ar\/en\/wp-json\/wp\/v2\/posts\/12103","targetHints":{"allow":["GET"]}}],"collection":[{"href":"https:\/\/www.petrini.com.ar\/en\/wp-json\/wp\/v2\/posts"}],"about":[{"href":"https:\/\/www.petrini.com.ar\/en\/wp-json\/wp\/v2\/types\/post"}],"author":[{"embeddable":true,"href":"https:\/\/www.petrini.com.ar\/en\/wp-json\/wp\/v2\/users\/5"}],"replies":[{"embeddable":true,"href":"https:\/\/www.petrini.com.ar\/en\/wp-json\/wp\/v2\/comments?post=12103"}],"version-history":[{"count":0,"href":"https:\/\/www.petrini.com.ar\/en\/wp-json\/wp\/v2\/posts\/12103\/revisions"}],"wp:featuredmedia":[{"embeddable":true,"href":"https:\/\/www.petrini.com.ar\/en\/wp-json\/wp\/v2\/media\/3994"}],"wp:attachment":[{"href":"https:\/\/www.petrini.com.ar\/en\/wp-json\/wp\/v2\/media?parent=12103"}],"wp:term":[{"taxonomy":"category","embeddable":true,"href":"https:\/\/www.petrini.com.ar\/en\/wp-json\/wp\/v2\/categories?post=12103"},{"taxonomy":"post_tag","embeddable":true,"href":"https:\/\/www.petrini.com.ar\/en\/wp-json\/wp\/v2\/tags?post=12103"}],"curies":[{"name":"wp","href":"https:\/\/api.w.org\/{rel}","templated":true}]}}